{"id":445,"date":"2014-10-28T23:14:36","date_gmt":"2014-10-29T02:14:36","guid":{"rendered":"http:\/\/blog.jose-emilio.com\/?p=445"},"modified":"2014-10-28T23:16:49","modified_gmt":"2014-10-29T02:16:49","slug":"el-famoso-informe-de-la-onu","status":"publish","type":"post","link":"https:\/\/blog.jose-emilio.com\/?p=445","title":{"rendered":"El famoso informe de la ONU"},"content":{"rendered":"<p>En cuanto al famoso informe de la ONU, s\u00f3lo dir\u00e9 lo siguiente y no tocar\u00e9 m\u00e1s el tema, porque me tiene cansado la majader\u00eda de los mismos oportunistas de siempre.<\/p>\n<p>La ONU nunca ha visitado un centro Telet\u00f3n y que yo sepa nunca ha solucionado un problema. Hait\u00ed sigue siendo un estado fallido, el hambre en Africa contin\u00faa, los DDHH se siguen violentando en muchas partes del mundo y las guerras no se detienen.<\/p>\n<p>Telet\u00f3n me ha hecho 3 reportajes. Nunca me sent\u00ed ni victimizado, ni utilizado, ni sujeto de l\u00e1stima. Gracias a ellos mi inclusi\u00f3n es total. Todos los que me conocen personalmente son testigos de eso. Muchas personas, despu\u00e9s de la emisi\u00f3n de mis reportajes, me han expresado su agradecimiento por compartir mi testimonio, la manera en que mis palabras los motivaron a seguir luchando por cumplir sus sue\u00f1os y que nada es imposible en la vida, mientras se tengan ganas de vivir. \u00bfEs eso inducir l\u00e1stima, un menoscabo a mi persona, una vulneraci\u00f3n a mi dignidad? Claramente, no.<\/p>\n<p>Mientras el Estado no arregle el desastre que tiene en sus hospitales y sistema p\u00fablico de salud, prefiero que siga la Telet\u00f3n. El Estado no es capaz de atender eficientemente a pacientes con una simple apendicitis, menos podr\u00eda tener la capacidad para atender a pacientes con patolog\u00edas much\u00edsimo m\u00e1s complejas, que requieren equipos multidisciplinarios de profesionales y con una rentabilidad social baja a nivel de pa\u00eds.<br \/>\n\u00bfEse mismo Estado donde los pacientes deben esperar meses, a veces hasta a\u00f1os para una hora en sus hospitales se har\u00eda cargo de Telet\u00f3n? \u00bfEse mismo Estado donde los padres no tienen seguridad que el ni\u00f1o que les entregan en sus maternidades es en realidad su hijo reci\u00e9n nacido? No, gracias! Quienes tienen los medios para atenderse en el sistema privado nunca entender\u00e1n.<\/p>\n<p>Eso es todo lo que dir\u00e9 al respecto. No tengo tiempo para entrar en pol\u00e9micas que no me interesan, as\u00ed que no se esfuerzen en lucir su intelecto contradiciendo este post. Ya lo dije el 2011, quien tenga dudas de lo que hace la Telet\u00f3n, que vaya a los Institutos y le pregunte a los ni\u00f1os y sus padres que les parece lo que se ha hecho con ellos.<\/p>\n<p>Finalmente si a usted le incomoda que yo escriba, divulga o exprese mi sentir de agradecimiento acerca de la Telet\u00f3n y mi apoyo a la campa\u00f1a, le solicitar\u00e9 que me borre de sus redes.<\/p>\n","protected":false},"excerpt":{"rendered":"<p>En cuanto al famoso informe de la ONU, s\u00f3lo dir\u00e9 lo siguiente y no tocar\u00e9 m\u00e1s el tema, porque me tiene cansado la majader\u00eda de los mismos oportunistas de siempre. La ONU nunca ha visitado un centro Telet\u00f3n y que yo sepa nunca ha solucionado un problema. Hait\u00ed sigue siendo un estado fallido, el hambre [&hellip;]<\/p>\n","protected":false},"author":1,"featured_media":0,"comment_status":"open","ping_status":"open","sticky":false,"template":"","format":"standard","meta":[],"categories":[15],"tags":[56,27,78,43,25],"_links":{"self":[{"href":"https:\/\/blog.jose-emilio.com\/index.php?rest_route=\/wp\/v2\/posts\/445"}],"collection":[{"href":"https:\/\/blog.jose-emilio.com\/index.php?rest_route=\/wp\/v2\/posts"}],"about":[{"href":"https:\/\/blog.jose-emilio.com\/index.php?rest_route=\/wp\/v2\/types\/post"}],"author":[{"embeddable":true,"href":"https:\/\/blog.jose-emilio.com\/index.php?rest_route=\/wp\/v2\/users\/1"}],"replies":[{"embeddable":true,"href":"https:\/\/blog.jose-emilio.com\/index.php?rest_route=%2Fwp%2Fv2%2Fcomments&post=445"}],"version-history":[{"count":3,"href":"https:\/\/blog.jose-emilio.com\/index.php?rest_route=\/wp\/v2\/posts\/445\/revisions"}],"predecessor-version":[{"id":448,"href":"https:\/\/blog.jose-emilio.com\/index.php?rest_route=\/wp\/v2\/posts\/445\/revisions\/448"}],"wp:attachment":[{"href":"https:\/\/blog.jose-emilio.com\/index.php?rest_route=%2Fwp%2Fv2%2Fmedia&parent=445"}],"wp:term":[{"taxonomy":"category","embeddable":true,"href":"https:\/\/blog.jose-emilio.com\/index.php?rest_route=%2Fwp%2Fv2%2Fcategories&post=445"},{"taxonomy":"post_tag","embeddable":true,"href":"https:\/\/blog.jose-emilio.com\/index.php?rest_route=%2Fwp%2Fv2%2Ftags&post=445"}],"curies":[{"name":"wp","href":"https:\/\/api.w.org\/{rel}","templated":true}]}}