{"id":31,"date":"2008-06-05T00:21:47","date_gmt":"2008-06-05T04:21:47","guid":{"rendered":"http:\/\/blog.jose-emilio.com\/?p=31"},"modified":"2008-06-05T09:45:56","modified_gmt":"2008-06-05T13:45:56","slug":"un-geek-en-japon-capitulo-7","status":"publish","type":"post","link":"https:\/\/blog.jose-emilio.com\/?p=31","title":{"rendered":"Un geek en Jap\u00f3n &#8211; Cap\u00edtulo 7"},"content":{"rendered":"<p style=\"text-align: center;\"><img decoding=\"async\" loading=\"lazy\" class=\"alignnone size-full wp-image-32\" title=\"imagen_geek_japon\" src=\"http:\/\/www.jose-emilio.com\/joseemilio\/wp-content\/uploads\/2008\/06\/imagen_geek_japon.jpg\" alt=\"Imagen Un geek en Jap\u00f3n\" width=\"290\" height=\"437\" srcset=\"https:\/\/www.jose-emilio.com\/joseemilio\/wp-content\/uploads\/2008\/06\/imagen_geek_japon.jpg 290w, https:\/\/www.jose-emilio.com\/joseemilio\/wp-content\/uploads\/2008\/06\/imagen_geek_japon-265x400.jpg 265w\" sizes=\"(max-width: 290px) 100vw, 290px\" \/><\/p>\n<p>H\u00e9ctor Garc\u00eda, Ingeniero Inform\u00e1tico espa\u00f1ol y destacado blogger, ha liberado el cap\u00edtulo siete de su libro, reci\u00e9ntemente publicado en Espa\u00f1a, &#8220;Un geek en Jap\u00f3n&#8221;. En \u00e9l se pueden apreciar aspectos interesantes del estilo de vida japon\u00e9s y tambi\u00e9n acerca de las tribus urbanas que rondan por all\u00e1.<\/p>\n<p>Como una manera de &#8220;difundir la palabra&#8221; dejo ac\u00e1 un link para que, a quienes les interese, lean el correspondiente cap\u00edtulo.<\/p>\n<p><a href=\"http:\/\/www.jose-emilio.com\/downloads\/ungeekenjaponcap7.pdf\" target=\"_blank\">Un geek en Jap\u00f3n &#8211; Cap\u00edtulo 7 &#8211; Vida en el Jap\u00f3n actual<\/a>.<\/p>\n<p>Enjoy!!!.<\/p>\n","protected":false},"excerpt":{"rendered":"<p>H\u00e9ctor Garc\u00eda, Ingeniero Inform\u00e1tico espa\u00f1ol y destacado blogger, ha liberado el cap\u00edtulo siete de su libro, reci\u00e9ntemente publicado en Espa\u00f1a, &#8220;Un geek en Jap\u00f3n&#8221;. En \u00e9l se pueden apreciar aspectos interesantes del estilo de vida japon\u00e9s y tambi\u00e9n acerca de las tribus urbanas que rondan por all\u00e1. Como una manera de &#8220;difundir la palabra&#8221; dejo [&hellip;]<\/p>\n","protected":false},"author":1,"featured_media":0,"comment_status":"open","ping_status":"open","sticky":false,"template":"","format":"standard","meta":[],"categories":[1],"tags":[24,22,23],"_links":{"self":[{"href":"https:\/\/blog.jose-emilio.com\/index.php?rest_route=\/wp\/v2\/posts\/31"}],"collection":[{"href":"https:\/\/blog.jose-emilio.com\/index.php?rest_route=\/wp\/v2\/posts"}],"about":[{"href":"https:\/\/blog.jose-emilio.com\/index.php?rest_route=\/wp\/v2\/types\/post"}],"author":[{"embeddable":true,"href":"https:\/\/blog.jose-emilio.com\/index.php?rest_route=\/wp\/v2\/users\/1"}],"replies":[{"embeddable":true,"href":"https:\/\/blog.jose-emilio.com\/index.php?rest_route=%2Fwp%2Fv2%2Fcomments&post=31"}],"version-history":[{"count":0,"href":"https:\/\/blog.jose-emilio.com\/index.php?rest_route=\/wp\/v2\/posts\/31\/revisions"}],"wp:attachment":[{"href":"https:\/\/blog.jose-emilio.com\/index.php?rest_route=%2Fwp%2Fv2%2Fmedia&parent=31"}],"wp:term":[{"taxonomy":"category","embeddable":true,"href":"https:\/\/blog.jose-emilio.com\/index.php?rest_route=%2Fwp%2Fv2%2Fcategories&post=31"},{"taxonomy":"post_tag","embeddable":true,"href":"https:\/\/blog.jose-emilio.com\/index.php?rest_route=%2Fwp%2Fv2%2Ftags&post=31"}],"curies":[{"name":"wp","href":"https:\/\/api.w.org\/{rel}","templated":true}]}}