{"id":176,"date":"2010-02-01T21:09:49","date_gmt":"2010-02-02T01:09:49","guid":{"rendered":"http:\/\/blog.jose-emilio.com\/?p=176"},"modified":"2010-02-01T21:33:52","modified_gmt":"2010-02-02T01:33:52","slug":"el-paso-de-la-pequena-gigante","status":"publish","type":"post","link":"https:\/\/blog.jose-emilio.com\/?p=176","title":{"rendered":"El paso de la Peque\u00f1a Gigante"},"content":{"rendered":"<p>El \u00faltimo fin de semana de Enero de 2010 estuvo convulsionado en Santiago debido a la nueva visita de la Peque\u00f1a Gigante (La Petite G\u00e9ante), montaje de marionetas gigantes presentado por la compa\u00f1\u00eda francesa de teatro callejero Royal de Luxe.<\/p>\n<p>Ya hab\u00edamos tenido su visita en Enero de 2007, en donde liber\u00f3 a Santiago de un enorme Rinoceronte.<\/p>\n<p>El atractivo de esta nueva visita es que se encontrar\u00eda con su t\u00edo el Se\u00f1or Escafandra. Juntos celebrar\u00edan el bicentenario de Chile. El nombre del espect\u00e1culo en esta ocaci\u00f3n es : &#8220;La Invitaci\u00f3n&#8221;.<\/p>\n<p>El argumento es sencillo, pero la puesta en escena es inmensa. Se necesitan actores, acr\u00f3batas, m\u00fasicos, ingenieros, arquitectos, urbanistas,  y un largo etc\u00e9tera que involucra a todos quienes deben estar a cargo de lo que involucra una intervenci\u00f3n urbana de esas caracter\u00edsticas. Hay que mover marionetas enormes (la Peque\u00f1a Gigante mide 5,5 metros de alto y pesa 800 kg; el T\u00edo Escafandra mide 10 metros aprox. y pesa 2,5 toneladas) y para conseguirlo es necesario cerrar las calles con todas las implicaciones que se dan. La labor de planificaci\u00f3n y coordinaci\u00f3n que requiere aquello habla de un espect\u00e1culo que no admite improvisaciones.<\/p>\n<p>El saldo final han sido, aproximadamente, tres millones de personas que se agolparon por las calles de Santiago para ver el paso de ambas marionetas (Esto contando los tres d\u00edas de montaje).<\/p>\n<p>Dentro de todo este espect\u00e1culo las cosas que m\u00e1s me llamaron la atenci\u00f3n fueron: en primer lugar la m\u00fasica, compuesta por la banda Balayeurs Du D\u00e9sert, daba la atm\u00f3sfera perfecta para el desfile y los movimientos de los protagonistas; la alta convocator\u00eda tambi\u00e9n llama mucho la atenci\u00f3n, creo que ayuda mucho a eso la gran cobertura que dio la televisi\u00f3n a este evento; finalmente la coordinaci\u00f3n de cada uno de los integrantes de la compa\u00f1\u00eda para lograr hacer andar estas marionetas y calzar cada movimiento tambi\u00e9n son elogiables y demuestra las horas de ensayo y entrenamiento que requiere lograr tal resultado.<\/p>\n<p>El punto negativo de la jornada fu\u00e9 la basura que se acumul\u00f3 en las calles. A\u00fan no se tiene conciencia que la basura debe estar en su lugar y que en caso de no haber un basurero cerca, se debe guardar en una bolsa y botarla ya sea en casa o en el primer basurero que se encuentre. Lograr un comportamiento as\u00ed toma a\u00f1os, y es algo que queda en la cultura de los pueblos. Se habla de 15 toneladas de basura botada en la calle, demaciado.<\/p>\n<p>Un gran espect\u00e1culo, en donde ni\u00f1os y adultos por un momento compartieron sue\u00f1os.<\/p>\n<p>Dejo ac\u00e1 unos videos con el montaje &#8220;La Reuni\u00f3n de Berl\u00edn&#8221;, presentado en esa ciudad durante 2009.<\/p>\n<p><object classid=\"clsid:d27cdb6e-ae6d-11cf-96b8-444553540000\" width=\"560\" height=\"340\" codebase=\"http:\/\/download.macromedia.com\/pub\/shockwave\/cabs\/flash\/swflash.cab#version=6,0,40,0\"><param name=\"allowFullScreen\" value=\"true\" \/><param name=\"allowscriptaccess\" value=\"always\" \/><param name=\"src\" value=\"http:\/\/www.youtube.com\/v\/vuVOANuk0-k&amp;hl=en_US&amp;fs=1&amp;\" \/><param name=\"allowfullscreen\" value=\"true\" \/><embed type=\"application\/x-shockwave-flash\" width=\"560\" height=\"340\" src=\"http:\/\/www.youtube.com\/v\/vuVOANuk0-k&amp;hl=en_US&amp;fs=1&amp;\" allowscriptaccess=\"always\" allowfullscreen=\"true\"><\/embed><\/object><\/p>\n<p>\n<object classid=\"clsid:d27cdb6e-ae6d-11cf-96b8-444553540000\" width=\"560\" height=\"340\" codebase=\"http:\/\/download.macromedia.com\/pub\/shockwave\/cabs\/flash\/swflash.cab#version=6,0,40,0\"><param name=\"allowFullScreen\" value=\"true\" \/><param name=\"allowscriptaccess\" value=\"always\" \/><param name=\"src\" value=\"http:\/\/www.youtube.com\/v\/tNvWuiQjG80&amp;hl=en_US&amp;fs=1&amp;\" \/><param name=\"allowfullscreen\" value=\"true\" \/><embed type=\"application\/x-shockwave-flash\" width=\"560\" height=\"340\" src=\"http:\/\/www.youtube.com\/v\/tNvWuiQjG80&amp;hl=en_US&amp;fs=1&amp;\" allowscriptaccess=\"always\" allowfullscreen=\"true\"><\/embed><\/object><\/p>\n<p><strong>Links relacionados:<\/strong><\/p>\n<ul>\n<li><strong><a href=\"http:\/\/www.flickr.com\/groups\/royaldeluxecentral\/\" target=\"_blank\">Fotos de Royal de Luxe<\/a><\/strong><\/li>\n<li><strong><a href=\"http:\/\/es.wikipedia.org\/wiki\/La_invitaci%C3%B3n_%28espect%C3%A1culo%29\" target=\"_blank\">Art\u00edculo de Wikipedia acerca de &#8220;La Invitaci\u00f3n&#8221;<\/a><\/strong><\/li>\n<li><strong><a href=\"http:\/\/www.mer.cl\/modulos\/catalogo\/Paginas\/2010\/02\/01\/MERSTES013CC0102.htm\" target=\"_blank\">Art\u00edculo de El Mercurio acerca de &#8220;La Invitaci\u00f3n&#8221;<\/a><br \/>\n<\/strong><\/li>\n<\/ul>\n","protected":false},"excerpt":{"rendered":"<p>El \u00faltimo fin de semana de Enero de 2010 estuvo convulsionado en Santiago debido a la nueva visita de la Peque\u00f1a Gigante (La Petite G\u00e9ante), montaje de marionetas gigantes presentado por la compa\u00f1\u00eda francesa de teatro callejero Royal de Luxe. Ya hab\u00edamos tenido su visita en Enero de 2007, en donde liber\u00f3 a Santiago de [&hellip;]<\/p>\n","protected":false},"author":1,"featured_media":0,"comment_status":"open","ping_status":"open","sticky":false,"template":"","format":"standard","meta":[],"categories":[52],"tags":[55,53,54],"_links":{"self":[{"href":"https:\/\/blog.jose-emilio.com\/index.php?rest_route=\/wp\/v2\/posts\/176"}],"collection":[{"href":"https:\/\/blog.jose-emilio.com\/index.php?rest_route=\/wp\/v2\/posts"}],"about":[{"href":"https:\/\/blog.jose-emilio.com\/index.php?rest_route=\/wp\/v2\/types\/post"}],"author":[{"embeddable":true,"href":"https:\/\/blog.jose-emilio.com\/index.php?rest_route=\/wp\/v2\/users\/1"}],"replies":[{"embeddable":true,"href":"https:\/\/blog.jose-emilio.com\/index.php?rest_route=%2Fwp%2Fv2%2Fcomments&post=176"}],"version-history":[{"count":5,"href":"https:\/\/blog.jose-emilio.com\/index.php?rest_route=\/wp\/v2\/posts\/176\/revisions"}],"predecessor-version":[{"id":181,"href":"https:\/\/blog.jose-emilio.com\/index.php?rest_route=\/wp\/v2\/posts\/176\/revisions\/181"}],"wp:attachment":[{"href":"https:\/\/blog.jose-emilio.com\/index.php?rest_route=%2Fwp%2Fv2%2Fmedia&parent=176"}],"wp:term":[{"taxonomy":"category","embeddable":true,"href":"https:\/\/blog.jose-emilio.com\/index.php?rest_route=%2Fwp%2Fv2%2Fcategories&post=176"},{"taxonomy":"post_tag","embeddable":true,"href":"https:\/\/blog.jose-emilio.com\/index.php?rest_route=%2Fwp%2Fv2%2Ftags&post=176"}],"curies":[{"name":"wp","href":"https:\/\/api.w.org\/{rel}","templated":true}]}}